{"id":436,"date":"2023-02-07T08:26:15","date_gmt":"2023-02-07T08:26:15","guid":{"rendered":"https:\/\/www.cubespa.cz\/?p=436"},"modified":"2026-03-19T19:34:33","modified_gmt":"2026-03-19T19:34:33","slug":"napsali-o-nas","status":"publish","type":"post","link":"https:\/\/www.cubespa.cz\/en\/napsali-o-nas\/","title":{"rendered":"Napsali o n\u00e1s&#8230;"},"content":{"rendered":"<p>V magaz\u00ednu <strong>Program<\/strong> o n\u00e1s vy\u0161el \u010dl\u00e1nek:<\/p>\n\n\n\n<p><strong>\u201eJak tedy vznikla firma CUBE SPA?<\/strong><\/p>\n\n\n\n<p>V\u00fdzva byla polo\u017eena. Za\u010dala jsem \u010d\u00edst, hledat inspiraci v zahrani\u010d\u00ed a rostla p\u0159edstava. M\u00edt modul\u00e1rn\u00ed syst\u00e9m, prost\u011b &#8222;Spa jako lego&#8220;. Variabiln\u00ed mo\u017enost, nejprve saunu, pozd\u011bji p\u0159idat odpo\u010div\u00e1rnu, terasu, v\u00ed\u0159ivku, a to v\u0161e si mohu snadno odv\u00e9st i na jin\u00e9 m\u00edsto, kdy\u017e budu pot\u0159ebovat. Miluji p\u0159\u00edrodu a p\u0159\u00edrodn\u00ed materi\u00e1ly, cht\u011bla jsem cel\u00fd syst\u00e9m tak, aby von\u011bl pouze d\u0159evem, kamenem, sklem. Cht\u011bla jsem jednoduch\u00e9 \u0159e\u0161en\u00ed v prvot\u0159\u00eddn\u00ed kvalit\u011b.<\/p>\n\n\n\n<p><strong>Tedy byla p\u0159edstava v hlav\u011b, co d\u00e1l?<\/strong><\/p>\n\n\n\n<p>Rok r\u016fzn\u00fdch diskuz\u00ed s potencion\u00e1ln\u00edmi dodavateli, p\u016fvodn\u011b jsem si naivn\u011b myslela, \u017ee si svou p\u0159edstavu nech\u00e1m nakreslit projektantem a pak mi ji vyrob\u00ed! Ano, zde se asi mnoz\u00ed zku\u0161en\u011bj\u0161\u00ed sm\u011bj\u00ed! J\u00e1 p\u0159ece m\u011bla \u0161t\u011bst\u00ed, narazila jsem na Marcela Sommera a jeho kolegy, kte\u0159\u00ed m\u011bli zavedenou firmu a realizovali sauny na m\u00edru do vnit\u0159n\u00edch prostor. Jim v\u00e1\u017en\u011b velk\u00e9 d\u00edky, jednak trp\u011bliv\u011b poslouchali ka\u017ed\u00e9 m\u00e9 slovo, kter\u00e9 dali na pap\u00edr, hledali v\u00fdrobn\u00ed mo\u017enosti a\u017e vznikl prvn\u00ed prototyp p\u0159esn\u011b podle m\u00fdch p\u0159edstav, a to v\u010detn\u011b realizace na m\u00edst\u011b. M\u011bli jsme z\u00e1vazek, \u017ee sauna mus\u00ed b\u00fdt na m\u00edst\u011b za jeden den a druh\u00fd den nikdo nesm\u00ed poznat, \u017ee na zahrad\u011b n\u011bkdo byl. Povedlo se \u00fapln\u011b v\u0161e, byl to koncert zru\u010dn\u00fdch rukou. <\/p>\n\n\n\n<p>Ve\u010der, p\u0159ed rokem jsme v saun\u011b topili. Tedy byly polo\u017eeny z\u00e1klady &#8222;BEST SAUNA EVER&#8220;, co\u017e je na\u0161e motto. T\u00fdm z agentury mezit\u00edm nastavil z\u00e1klady komunikace, kr\u00e1sne webov\u00e9 str\u00e1nky <a href=\"https:\/\/www.cubespa.cz\/en\/\" data-type=\"URL\" data-id=\"www.cubespa.cz\">www.cubespa.cz<\/a>.\u201c<\/p>\n\n\n\n<p>Pokra\u010dov\u00e1n\u00ed \u010dl\u00e1nku najdete <strong><a href=\"https:\/\/www.eprogram.cz\/magazin\/39-rozhovory\/3517-hyckejte-si-nadeji-ta-nepodleha-inflaci\" data-type=\"URL\" data-id=\"https:\/\/www.eprogram.cz\/magazin\/39-rozhovory\/3517-hyckejte-si-nadeji-ta-nepodleha-inflaci\">zde<\/a>.<\/strong> <\/p>","protected":false},"excerpt":{"rendered":"<p>V magaz\u00ednu Program o n\u00e1s vy\u0161el \u010dl\u00e1nek: \u201eJak tedy vznikla firma CUBE SPA? V\u00fdzva byla polo\u017eena. Za\u010dala jsem \u010d\u00edst, hledat inspiraci v zahrani\u010d\u00ed a rostla p\u0159edstava. M\u00edt modul\u00e1rn\u00ed syst\u00e9m, prost\u011b &#8222;Spa jako lego&#8220;. Variabiln\u00ed mo\u017enost, [&hellip;]<\/p>","protected":false},"author":4,"featured_media":443,"comment_status":"closed","ping_status":"open","sticky":false,"template":"","format":"standard","meta":{"footnotes":""},"categories":[5],"tags":[],"class_list":["post-436","post","type-post","status-publish","format-standard","has-post-thumbnail","hentry","category-aktuality"],"_links":{"self":[{"href":"https:\/\/www.cubespa.cz\/en\/wp-json\/wp\/v2\/posts\/436","targetHints":{"allow":["GET"]}}],"collection":[{"href":"https:\/\/www.cubespa.cz\/en\/wp-json\/wp\/v2\/posts"}],"about":[{"href":"https:\/\/www.cubespa.cz\/en\/wp-json\/wp\/v2\/types\/post"}],"author":[{"embeddable":true,"href":"https:\/\/www.cubespa.cz\/en\/wp-json\/wp\/v2\/users\/4"}],"replies":[{"embeddable":true,"href":"https:\/\/www.cubespa.cz\/en\/wp-json\/wp\/v2\/comments?post=436"}],"version-history":[{"count":6,"href":"https:\/\/www.cubespa.cz\/en\/wp-json\/wp\/v2\/posts\/436\/revisions"}],"predecessor-version":[{"id":451,"href":"https:\/\/www.cubespa.cz\/en\/wp-json\/wp\/v2\/posts\/436\/revisions\/451"}],"wp:featuredmedia":[{"embeddable":true,"href":"https:\/\/www.cubespa.cz\/en\/wp-json\/wp\/v2\/media\/443"}],"wp:attachment":[{"href":"https:\/\/www.cubespa.cz\/en\/wp-json\/wp\/v2\/media?parent=436"}],"wp:term":[{"taxonomy":"category","embeddable":true,"href":"https:\/\/www.cubespa.cz\/en\/wp-json\/wp\/v2\/categories?post=436"},{"taxonomy":"post_tag","embeddable":true,"href":"https:\/\/www.cubespa.cz\/en\/wp-json\/wp\/v2\/tags?post=436"}],"curies":[{"name":"wp","href":"https:\/\/api.w.org\/{rel}","templated":true}]}}