{"id":519,"date":"2024-08-01T09:29:03","date_gmt":"2024-08-01T09:29:03","guid":{"rendered":"https:\/\/www.cubespa.cz\/?p=519"},"modified":"2026-03-19T19:34:33","modified_gmt":"2026-03-19T19:34:33","slug":"objevte-luxus-a-pohodli-s-rucne-vyrabenymi-lehatky-od-cube-spa","status":"publish","type":"post","link":"https:\/\/www.cubespa.cz\/en\/objevte-luxus-a-pohodli-s-rucne-vyrabenymi-lehatky-od-cube-spa\/","title":{"rendered":"Objevte pohodl\u00ed s ru\u010dn\u011b vyr\u00e1b\u011bn\u00fdmi leh\u00e1tky od CUBE SPA"},"content":{"rendered":"<p>Pokud jste milovn\u00edkem saunov\u00e1n\u00ed a hled\u00e1te dokonal\u00fd dopln\u011bk ke sv\u00e9 venkovn\u00ed saun\u011b, m\u00e1me pro v\u00e1s skv\u011blou zpr\u00e1vu \u2013 <strong>ru\u010dn\u011b vyr\u00e1b\u011bn\u00e1 leh\u00e1tka<\/strong>, kter\u00e1 v\u00e1m poskytnou maxim\u00e1ln\u00ed komfort a styl.<\/p>\n\n\n\n<p><strong>Ergonomie a kvalita v ka\u017ed\u00e9m detailu<\/strong><\/p>\n\n\n\n<p>Na\u0161e leh\u00e1tka nejsou jen oby\u010dejn\u00fdm kusem n\u00e1bytku. Jsou v\u00fdsledkem pe\u010dliv\u00e9 ru\u010dn\u00ed pr\u00e1ce a d\u016fkladn\u00e9ho prom\u00fd\u0161len\u00ed ka\u017ed\u00e9ho detailu. Ergonomick\u00fd design je dokonale p\u0159izp\u016fsoben tvaru lidsk\u00e9ho t\u011bla, co\u017e zaji\u0161\u0165uje, \u017ee se na nich budete c\u00edtit pohodln\u011b i po dlouh\u00e9m relaxa\u010dn\u00edm saunov\u00e1n\u00ed. D\u00edky kvalitn\u00edmu proveden\u00ed se m\u016f\u017eete spolehnout, \u017ee v\u00e1m budou slou\u017eit mnoho let.<\/p>\n\n\n\n<p><strong>Odoln\u00e9 materi\u00e1ly <\/strong><\/p>\n\n\n\n<p>Leh\u00e1tka CUBE SPA nab\u00edz\u00edme ve dvou velikostech \u2013 600 cm a 1100 cm \u2013 aby si ka\u017ed\u00fd na\u0161el to prav\u00e9 podle sv\u00fdch pot\u0159eb. A\u0165 u\u017e preferujete kompaktn\u011bj\u0161\u00ed rozm\u011bry nebo si chcete dop\u0159\u00e1t extra prostor, m\u00e1me pro v\u00e1s ide\u00e1ln\u00ed \u0159e\u0161en\u00ed.<\/p>\n\n\n\n<p>Vybrat si m\u016f\u017eete tak\u00e9 z dvou druh\u016f d\u0159eva \u2013 mod\u0159\u00edn a smrk. Oba materi\u00e1ly jsou zn\u00e1m\u00e9 svou odolnost\u00ed a estetick\u00fdm vzhledem. Mod\u0159\u00ednov\u00e9 d\u0159evo je obl\u00edben\u00e9 pro svou p\u0159irozenou odolnost v\u016f\u010di vlhkosti a kr\u00e1snou texturu, zat\u00edmco smrk vynik\u00e1 svou jemnou strukturou a sv\u011btl\u00fdm odst\u00ednem, kter\u00fd vnese do va\u0161eho saunov\u00e9ho prostoru sv\u011b\u017eest a lehkost.<\/p>\n\n\n\n<p><strong>Perfektn\u00ed dopln\u011bk ke ka\u017ed\u00e9 saun\u011b<\/strong><\/p>\n\n\n\n<p>Na\u0161e leh\u00e1tka nejsou jen praktick\u00fdm dopl\u0148kem, ale tak\u00e9 estetick\u00fdm prvkem, kter\u00fd dokonale dopln\u00ed va\u0161i saunu. A\u0165 u\u017e m\u00e1te saunu um\u00edst\u011bnou na zahrad\u011b, terase nebo v interi\u00e9ru, leh\u00e1tka CUBE SPA vytvo\u0159\u00ed harmonick\u00fd celek, kter\u00fd zve k odpo\u010dinku a relaxaci.<\/p>\n\n\n\n<p>Dop\u0159ejte si luxus a pohodl\u00ed, kter\u00e9 si zaslou\u017e\u00edte. <\/p>","protected":false},"excerpt":{"rendered":"<p>Pokud jste milovn\u00edkem saunov\u00e1n\u00ed a hled\u00e1te dokonal\u00fd dopln\u011bk ke sv\u00e9 venkovn\u00ed saun\u011b, m\u00e1me pro v\u00e1s skv\u011blou zpr\u00e1vu \u2013 ru\u010dn\u011b vyr\u00e1b\u011bn\u00e1 leh\u00e1tka, kter\u00e1 v\u00e1m poskytnou maxim\u00e1ln\u00ed komfort a styl. Ergonomie a kvalita v ka\u017ed\u00e9m detailu Na\u0161e [&hellip;]<\/p>","protected":false},"author":4,"featured_media":520,"comment_status":"closed","ping_status":"open","sticky":false,"template":"","format":"standard","meta":{"footnotes":""},"categories":[5],"tags":[],"class_list":["post-519","post","type-post","status-publish","format-standard","has-post-thumbnail","hentry","category-aktuality"],"_links":{"self":[{"href":"https:\/\/www.cubespa.cz\/en\/wp-json\/wp\/v2\/posts\/519","targetHints":{"allow":["GET"]}}],"collection":[{"href":"https:\/\/www.cubespa.cz\/en\/wp-json\/wp\/v2\/posts"}],"about":[{"href":"https:\/\/www.cubespa.cz\/en\/wp-json\/wp\/v2\/types\/post"}],"author":[{"embeddable":true,"href":"https:\/\/www.cubespa.cz\/en\/wp-json\/wp\/v2\/users\/4"}],"replies":[{"embeddable":true,"href":"https:\/\/www.cubespa.cz\/en\/wp-json\/wp\/v2\/comments?post=519"}],"version-history":[{"count":3,"href":"https:\/\/www.cubespa.cz\/en\/wp-json\/wp\/v2\/posts\/519\/revisions"}],"predecessor-version":[{"id":524,"href":"https:\/\/www.cubespa.cz\/en\/wp-json\/wp\/v2\/posts\/519\/revisions\/524"}],"wp:featuredmedia":[{"embeddable":true,"href":"https:\/\/www.cubespa.cz\/en\/wp-json\/wp\/v2\/media\/520"}],"wp:attachment":[{"href":"https:\/\/www.cubespa.cz\/en\/wp-json\/wp\/v2\/media?parent=519"}],"wp:term":[{"taxonomy":"category","embeddable":true,"href":"https:\/\/www.cubespa.cz\/en\/wp-json\/wp\/v2\/categories?post=519"},{"taxonomy":"post_tag","embeddable":true,"href":"https:\/\/www.cubespa.cz\/en\/wp-json\/wp\/v2\/tags?post=519"}],"curies":[{"name":"wp","href":"https:\/\/api.w.org\/{rel}","templated":true}]}}